[{"@context":"https:\/\/schema.org\/","@type":"Article","@id":"https:\/\/www.pdmc.cz\/propadani-webu\/#Article","mainEntityOfPage":"https:\/\/www.pdmc.cz\/propadani-webu\/","headline":"Propad\u00e1n\u00ed webu","name":"Propad\u00e1n\u00ed webu","description":"Sice asi nebude na sv\u011bt\u011b \u010dlov\u011bk, kter\u00fd by si k podnikatelsk\u00e9mu \u00fa\u010delu postavil web s\u00e1m, ale pokud ano, jist\u011b si ho tak\u00e9 neudr\u017euje. T\u00edm ov\u0161em nen\u00ed m\u00edn\u011bno, \u017ee by tam ned\u00e1val nov\u00e9 \u010dl\u00e1nky \u010di fotky. Je to my\u0161leno tak, \u017ee si jej neudr\u017euje&hellip;","datePublished":"2020-09-19","dateModified":"2020-09-19","author":{"@type":"Person","@id":"https:\/\/www.pdmc.cz\/author\/#Person","name":"","url":"https:\/\/www.pdmc.cz\/author\/","identifier":1,"image":{"@type":"ImageObject","@id":"https:\/\/secure.gravatar.com\/avatar\/dcb1aeb5e7d95014cdc92e76cf3c72f6b456579bf773ad0081803a6569ffc19c?s=96&d=mm&r=g","url":"https:\/\/secure.gravatar.com\/avatar\/dcb1aeb5e7d95014cdc92e76cf3c72f6b456579bf773ad0081803a6569ffc19c?s=96&d=mm&r=g","height":96,"width":96}},"publisher":{"@type":"Organization","name":"pdmc.cz","logo":{"@type":"ImageObject","@id":"\/logo.png","url":"\/logo.png","width":600,"height":60}},"image":{"@type":"ImageObject","@id":"https:\/\/www.pdmc.cz\/wp-content\/uploads\/SEO_10_7.jpg","url":"https:\/\/www.pdmc.cz\/wp-content\/uploads\/SEO_10_7.jpg","height":0,"width":0},"url":"https:\/\/www.pdmc.cz\/propadani-webu\/","about":["Online"],"wordCount":431,"articleBody":"       Sice asi nebude na sv\u011bt\u011b \u010dlov\u011bk, kter\u00fd by si k podnikatelsk\u00e9mu \u00fa\u010delu postavil web s\u00e1m, ale pokud ano, jist\u011b si ho tak\u00e9 neudr\u017euje. T\u00edm ov\u0161em nen\u00ed m\u00edn\u011bno, \u017ee by tam ned\u00e1val nov\u00e9 \u010dl\u00e1nky \u010di fotky. Je to my\u0161leno tak, \u017ee si jej neudr\u017euje po technick\u00e9 str\u00e1nce. Tedy, nehl\u00edd\u00e1 si to, co dr\u017e\u00ed web naho\u0159e. T\u00edm z\u00e1kladem v\u0161eho je SEO, tedy search engine optimalization, tedy \u010desky, optimalizace pro vyhled\u00e1va\u010d. T\u00edm dost\u00e1v\u00e1 pr\u00e1v\u011b onen n\u00e1stroj zastaral\u00e9 informace o tomto webu, a proto jej umis\u0165uje st\u00e1le n\u00ed\u017ee a n\u00ed\u017ee, jak m\u00e1 od \u010dlov\u011bka p\u0159ik\u00e1z\u00e1no. Jinak to d\u011blat ani neum\u00ed. A aby se to nest\u00e1valo, je t\u0159eba m\u00edt \u201evnit\u0159nosti\u201c webu st\u00e1le aktualizovan\u00e9, aby jej vyhled\u00e1va\u010d dr\u017eel na m\u00edst\u011b naho\u0159e. Pokud se tak nest\u00e1v\u00e1 a web se za\u010dne propadat, mus\u00ed se optimalizace ud\u011blat znovu pokud na to n\u011bkdo del\u0161\u00ed dobu ka\u0161lal. Za\u010d\u00edt se mus\u00ed nalezen\u00edm probl\u00e9mu, a tak se potom v\u011bc vy\u0159e\u0161\u00ed. \u010cili, provede se anal\u00fdza, kde se hledaj\u00ed p\u0159\u00ed\u010diny propadu. A web bude zase na v\u00fdslun\u00ed, kde by m\u011bl b\u00fdt po\u0159\u00e1d. Takov\u00e1 SEO anal\u00fdza chvilku trv\u00e1, nepo\u010d\u00edtejte s t\u00edm, \u017ee bude za p\u011bt minut hotov\u00e1. Ud\u011bl\u00e1 v\u00e1m ji ka\u017ed\u00e1 specializovan\u00e1 firma, ale p\u0159ece jen je na tohle nejlep\u0161\u00ed pr\u00e1v\u011b firma Seolight. Po zad\u00e1n\u00ed po\u017eadavku za\u010dne pro n\u011b obvykl\u00fd koloto\u010d, kter\u00fd jejich specialist\u00e9 na SEO a dal\u0161\u00ed um\u011bn\u00ed kolem web\u016f \u0159e\u0161\u00ed pe\u010dliv\u011b a pokud mo\u017eno rychle. Nelze nechat z\u00e1kazn\u00edka \u010dekat, proto\u017ee jemu tak unikaj\u00ed pen\u00edze. Jist\u011b by nerad \u010dekal p\u016fl roku, nebo d\u00e9le. Zde to neplat\u00ed, zde se pracuje po\u0159\u00e1d, dokud nen\u00ed probl\u00e9m vy\u0159e\u0161en a dokud nen\u00ed v\u0161e tak, jak by to m\u011blo b\u00fdt. \u010cas se dop\u0159edu zde v \u010dl\u00e1nku nedozv\u00edte, proto\u017ee ka\u017ed\u00fd web je jin\u00fd a jinak postaven. Tak\u017ee na tom nejv\u00edce z\u00e1le\u017e\u00ed, jak dlouho bude SEO anal\u00fdza trvat a za jak dlouho bude str\u00e1nka op\u011bt v po\u0159\u00e1dku. V ka\u017ed\u00e9m p\u0159\u00edpad\u011b, pokud m\u00e1te pot\u00ed\u017ee, zavolejte si tam a tam v\u00e1m sd\u011bl\u00ed dal\u0161\u00ed podrobnosti. Uvid\u00edte, \u017ee v\u00e1m po \u010dase zase porostou tr\u017eby jako p\u0159edt\u00edm.                                                                                                                                                                                                                                                                                                                                                                                           3.9\/5 - (11 votes)        "},{"@context":"https:\/\/schema.org\/","@type":"BreadcrumbList","itemListElement":[{"@type":"ListItem","position":1,"name":"Propad\u00e1n\u00ed webu","item":"https:\/\/www.pdmc.cz\/propadani-webu\/#breadcrumbitem"}]}]