[{"@context":"https:\/\/schema.org\/","@type":"Article","@id":"https:\/\/www.pdmc.cz\/hory-lakaji-v-kazdem-rocnim-obdobi\/#Article","mainEntityOfPage":"https:\/\/www.pdmc.cz\/hory-lakaji-v-kazdem-rocnim-obdobi\/","headline":"Hory l\u00e1kaj\u00ed v\u00a0ka\u017ed\u00e9m ro\u010dn\u00edm obdob\u00ed","name":"Hory l\u00e1kaj\u00ed v\u00a0ka\u017ed\u00e9m ro\u010dn\u00edm obdob\u00ed","description":"Ubytov\u00e1n\u00ed Jesen\u00edky je vhodn\u00e9 pro sportovn\u00ed nad\u0161ence i z\u00e1jemce, kte\u0159\u00ed si cht\u011bj\u00ed odpo\u010dinout. Pokud se \u0159ad\u00edte do prvn\u00ed kategorie, vyu\u017eijete jist\u011b s nad\u0161en\u00edm sjezdov\u00e9 trat\u011b r\u016fzn\u00fdch n\u00e1ro\u010dnost\u00ed na svahu Prad\u011bdu, ti druz\u00ed z v\u00e1s si jist\u011b r\u00e1di dop\u0159ej\u00ed relax ve wellness nebo stylov\u00e9&hellip;","datePublished":"2024-12-31","dateModified":"2024-12-31","author":{"@type":"Person","@id":"https:\/\/www.pdmc.cz\/author\/#Person","name":"","url":"https:\/\/www.pdmc.cz\/author\/","identifier":1,"image":{"@type":"ImageObject","@id":"https:\/\/secure.gravatar.com\/avatar\/dcb1aeb5e7d95014cdc92e76cf3c72f6b456579bf773ad0081803a6569ffc19c?s=96&d=mm&r=g","url":"https:\/\/secure.gravatar.com\/avatar\/dcb1aeb5e7d95014cdc92e76cf3c72f6b456579bf773ad0081803a6569ffc19c?s=96&d=mm&r=g","height":96,"width":96}},"publisher":{"@type":"Organization","name":"pdmc.cz","logo":{"@type":"ImageObject","@id":"\/logo.png","url":"\/logo.png","width":600,"height":60}},"url":"https:\/\/www.pdmc.cz\/hory-lakaji-v-kazdem-rocnim-obdobi\/","wordCount":193,"articleBody":"Ubytov\u00e1n\u00ed Jesen\u00edky je vhodn\u00e9 pro sportovn\u00ed nad\u0161ence i z\u00e1jemce, kte\u0159\u00ed si cht\u011bj\u00ed odpo\u010dinout. Pokud se \u0159ad\u00edte do prvn\u00ed kategorie, vyu\u017eijete jist\u011b s nad\u0161en\u00edm sjezdov\u00e9 trat\u011b r\u016fzn\u00fdch n\u00e1ro\u010dnost\u00ed na svahu Prad\u011bdu, ti druz\u00ed z v\u00e1s si jist\u011b r\u00e1di dop\u0159ej\u00ed relax ve wellness nebo stylov\u00e9 vin\u00e1rn\u011b. Pokud by v\u00e1m takov\u00e9 ubytov\u00e1n\u00ed Jesen\u00edky vyhovovalo, u\u010di\u0148te rezervaci v na\u0161em hotelu, kter\u00fd je jedn\u00edm z nejv\u00fd\u0161e polo\u017een\u00fdch horsk\u00fdm hotelem v \u010cesk\u00e9 republice a nach\u00e1z\u00ed se v CHKO Jesen\u00edky. Vyberte si ze \u0161k\u00e1ly mo\u017enost\u00ed, jak tr\u00e1vit sv\u016fj voln\u00fd \u010das a dop\u0159ejte si to, po \u010dem tou\u017e\u00edte. Informace V\u00edce \u00fadaj\u016f vztahuj\u00edc\u00ed se k ubytov\u00e1n\u00ed Jesen\u00edky je ke zhl\u00e9dnut\u00ed na na\u0161ich webov\u00fdch str\u00e1nk\u00e1ch, kde je uvedeno v\u0161e, co pot\u0159ebujete v\u011bd\u011bt. Nev\u00e1hejte se na n\u00e1s obr\u00e1tit s jak\u00fdmkoliv dotazem nebo p\u0159\u00edmo s rezervac\u00ed, jsme p\u0159ipraveni v\u00e1m b\u00fdt k slu\u017eb\u00e1m.                                                                                                                                                                                                                                                                                                                                                                                        5\/5 - (4 votes)        "},{"@context":"https:\/\/schema.org\/","@type":"BreadcrumbList","itemListElement":[{"@type":"ListItem","position":1,"name":"Hory l\u00e1kaj\u00ed v\u00a0ka\u017ed\u00e9m ro\u010dn\u00edm obdob\u00ed","item":"https:\/\/www.pdmc.cz\/hory-lakaji-v-kazdem-rocnim-obdobi\/#breadcrumbitem"}]}]